{"id":630,"date":"2022-07-13T10:18:47","date_gmt":"2022-07-13T08:18:47","guid":{"rendered":"https:\/\/re-material.de\/?p=630"},"modified":"2022-07-13T10:28:26","modified_gmt":"2022-07-13T08:28:26","slug":"praesentation-temporaere-nutzungen-als-strategie-zur-langfristigen-umnutzung-bestehender-stadtraeume","status":"publish","type":"post","link":"https:\/\/re-material.de\/?p=630","title":{"rendered":"15.07 | 10 Uhr: Pr\u00e4sentation &#8222;Tempor\u00e4re Nutzungen als Strategie zur langfristigen (Um)nutzung bestehender Stadtr\u00e4ume&#8220;"},"content":{"rendered":"\t\t<div data-elementor-type=\"wp-post\" data-elementor-id=\"630\" class=\"elementor elementor-630\">\n\t\t\t\t\t\t<section class=\"elementor-section elementor-top-section elementor-element elementor-element-23ebe7a elementor-section-boxed elementor-section-height-default elementor-section-height-default\" data-id=\"23ebe7a\" data-element_type=\"section\" data-e-type=\"section\">\n\t\t\t\t\t\t<div class=\"elementor-container elementor-column-gap-default\">\n\t\t\t\t\t<div class=\"elementor-column elementor-col-100 elementor-top-column elementor-element elementor-element-0bb1f3d\" data-id=\"0bb1f3d\" data-element_type=\"column\" data-e-type=\"column\">\n\t\t\t<div class=\"elementor-widget-wrap elementor-element-populated\">\n\t\t\t\t\t\t<div class=\"elementor-element elementor-element-b008fb3 elementor-widget elementor-widget-heading\" data-id=\"b008fb3\" data-element_type=\"widget\" data-e-type=\"widget\" data-widget_type=\"heading.default\">\n\t\t\t\t<div class=\"elementor-widget-container\">\n\t\t\t\t\t<h2 class=\"elementor-heading-title elementor-size-default\">15.Juli | 10Uhr: Pr\u00e4sentation \"Tempor\u00e4re Nutzungen als Strategie zur langfristigen (Um)nutzung bestehender Stadtr\u00e4ume\"<\/h2>\t\t\t\t<\/div>\n\t\t\t\t<\/div>\n\t\t\t\t\t<\/div>\n\t\t<\/div>\n\t\t\t\t\t<\/div>\n\t\t<\/section>\n\t\t\t\t<section class=\"elementor-section elementor-top-section elementor-element elementor-element-eaf438c elementor-section-boxed elementor-section-height-default elementor-section-height-default\" data-id=\"eaf438c\" data-element_type=\"section\" data-e-type=\"section\">\n\t\t\t\t\t\t<div class=\"elementor-container elementor-column-gap-default\">\n\t\t\t\t\t<div class=\"elementor-column elementor-col-100 elementor-top-column elementor-element elementor-element-4e20656\" data-id=\"4e20656\" data-element_type=\"column\" data-e-type=\"column\">\n\t\t\t<div class=\"elementor-widget-wrap elementor-element-populated\">\n\t\t\t\t\t\t<div class=\"elementor-element elementor-element-3179292 elementor-widget elementor-widget-text-editor\" data-id=\"3179292\" data-element_type=\"widget\" data-e-type=\"widget\" data-widget_type=\"text-editor.default\">\n\t\t\t\t<div class=\"elementor-widget-container\">\n\t\t\t\t\t\t\t\t\t<p>Im Rahmen des Wahlmoduls &#8222;Tempor\u00e4re Nutzungen als Strategie zur langfristigen (Um)nutzung bestehender Stadtr\u00e4ume&#8220; pr\u00e4sentieren Studierende der School of Architecture der Hochschule Bremen ihre Konzepte f\u00fcr ausgew\u00e4hlte Leerst\u00e4nde in Bremen und im nieders\u00e4chsischen Umland. Im Rahmen des Wahlmoduls haben die Studierenden Leerst\u00e4nde erhoben, Hintergr\u00fcnde zu den Stadtquartieren gesammelt und f\u00fcr einen Leerstand ein m\u00f6gliches Zwischennutzungskonzept erarbeitet.\u00a0<\/p><p>Die Pr\u00e4sentationen beginnen um <strong>10:00 Uhr<\/strong> am <strong>15.07.2022<\/strong>, bei RE.MATERIAL Vor dem Steintor 95-97, 28199 Bremen.<\/p><p>Das Wahlmodul wird von Daniel Schnier und Oliver Hasemann von der ZwischenZeitZentrale geleitet. Die ZZZ\u00a0 k\u00fcmmert sich um die Vermittlung leerstehender Geb\u00e4ude in Bremen und erweckt sie f\u00fcr Zwischennutzungen wieder zum Leben. Falls ihr mehr \u00fcber die ZZZ wissen m\u00f6chtet oder nach potentiellen Zwischennutzungsorten sucht, schaut doch einfach mal auf der\u00a0<a href=\"https:\/\/www.zzz-bremen.de\/blog\/\" target=\"_blank\" rel=\"noopener\">Webseite<\/a>\u00a0vorbei.<\/p>\t\t\t\t\t\t\t\t<\/div>\n\t\t\t\t<\/div>\n\t\t\t\t\t<\/div>\n\t\t<\/div>\n\t\t\t\t\t<\/div>\n\t\t<\/section>\n\t\t\t\t<\/div>\n\t\t","protected":false},"excerpt":{"rendered":"<p>15.Juli | 10Uhr: Pr\u00e4sentation &#8222;Tempor\u00e4re Nutzungen als Strategie zur langfristigen (Um)nutzung bestehender Stadtr\u00e4ume&#8220; Im Rahmen des Wahlmoduls &#8222;Tempor\u00e4re Nutzungen als Strategie zur langfristigen (Um)nutzung bestehender Stadtr\u00e4ume&#8220; pr\u00e4sentieren Studierende der School [&hellip;]<\/p>\n","protected":false},"author":1,"featured_media":0,"comment_status":"open","ping_status":"open","sticky":false,"template":"","format":"standard","meta":{"footnotes":""},"categories":[5],"tags":[],"class_list":["post-630","post","type-post","status-publish","format-standard","hentry","category-neuigkeiten","entry"],"_links":{"self":[{"href":"https:\/\/re-material.de\/index.php?rest_route=\/wp\/v2\/posts\/630","targetHints":{"allow":["GET"]}}],"collection":[{"href":"https:\/\/re-material.de\/index.php?rest_route=\/wp\/v2\/posts"}],"about":[{"href":"https:\/\/re-material.de\/index.php?rest_route=\/wp\/v2\/types\/post"}],"author":[{"embeddable":true,"href":"https:\/\/re-material.de\/index.php?rest_route=\/wp\/v2\/users\/1"}],"replies":[{"embeddable":true,"href":"https:\/\/re-material.de\/index.php?rest_route=%2Fwp%2Fv2%2Fcomments&post=630"}],"version-history":[{"count":6,"href":"https:\/\/re-material.de\/index.php?rest_route=\/wp\/v2\/posts\/630\/revisions"}],"predecessor-version":[{"id":636,"href":"https:\/\/re-material.de\/index.php?rest_route=\/wp\/v2\/posts\/630\/revisions\/636"}],"wp:attachment":[{"href":"https:\/\/re-material.de\/index.php?rest_route=%2Fwp%2Fv2%2Fmedia&parent=630"}],"wp:term":[{"taxonomy":"category","embeddable":true,"href":"https:\/\/re-material.de\/index.php?rest_route=%2Fwp%2Fv2%2Fcategories&post=630"},{"taxonomy":"post_tag","embeddable":true,"href":"https:\/\/re-material.de\/index.php?rest_route=%2Fwp%2Fv2%2Ftags&post=630"}],"curies":[{"name":"wp","href":"https:\/\/api.w.org\/{rel}","templated":true}]}}