{"id":677,"date":"2022-07-20T15:45:04","date_gmt":"2022-07-20T13:45:04","guid":{"rendered":"https:\/\/re-material.de\/?p=677"},"modified":"2022-07-28T14:45:24","modified_gmt":"2022-07-28T12:45:24","slug":"elementor-677","status":"publish","type":"post","link":"https:\/\/re-material.de\/?p=677","title":{"rendered":"Ausstellung &#8211; K\u00fcnstler OFFBEAT"},"content":{"rendered":"\t\t<div data-elementor-type=\"wp-post\" data-elementor-id=\"677\" class=\"elementor elementor-677\">\n\t\t\t\t\t\t<section class=\"elementor-section elementor-top-section elementor-element elementor-element-d882aa0 elementor-section-boxed elementor-section-height-default elementor-section-height-default\" data-id=\"d882aa0\" data-element_type=\"section\" data-e-type=\"section\">\n\t\t\t\t\t\t<div class=\"elementor-container elementor-column-gap-default\">\n\t\t\t\t\t<div class=\"elementor-column elementor-col-100 elementor-top-column elementor-element elementor-element-99aeaf2\" data-id=\"99aeaf2\" data-element_type=\"column\" data-e-type=\"column\">\n\t\t\t<div class=\"elementor-widget-wrap elementor-element-populated\">\n\t\t\t\t\t\t<div class=\"elementor-element elementor-element-198d658 elementor-widget elementor-widget-heading\" data-id=\"198d658\" data-element_type=\"widget\" data-e-type=\"widget\" data-widget_type=\"heading.default\">\n\t\t\t\t<div class=\"elementor-widget-container\">\n\t\t\t\t\t<h2 class=\"elementor-heading-title elementor-size-default\">22.07.2022 - 20 Uhr Vernissage des K\u00fcnstlers OFFBEAT<\/h2>\t\t\t\t<\/div>\n\t\t\t\t<\/div>\n\t\t\t\t\t<\/div>\n\t\t<\/div>\n\t\t\t\t\t<\/div>\n\t\t<\/section>\n\t\t\t\t<section class=\"elementor-section elementor-top-section elementor-element elementor-element-9ca2f37 elementor-section-boxed elementor-section-height-default elementor-section-height-default\" data-id=\"9ca2f37\" data-element_type=\"section\" data-e-type=\"section\">\n\t\t\t\t\t\t<div class=\"elementor-container elementor-column-gap-default\">\n\t\t\t\t\t<div class=\"elementor-column elementor-col-100 elementor-top-column elementor-element elementor-element-61f0131\" data-id=\"61f0131\" data-element_type=\"column\" data-e-type=\"column\">\n\t\t\t<div class=\"elementor-widget-wrap\">\n\t\t\t\t\t\t\t<\/div>\n\t\t<\/div>\n\t\t\t\t\t<\/div>\n\t\t<\/section>\n\t\t\t\t<section class=\"elementor-section elementor-top-section elementor-element elementor-element-2f87a8f elementor-section-boxed elementor-section-height-default elementor-section-height-default\" data-id=\"2f87a8f\" data-element_type=\"section\" data-e-type=\"section\">\n\t\t\t\t\t\t<div class=\"elementor-container elementor-column-gap-default\">\n\t\t\t\t\t<div class=\"elementor-column elementor-col-100 elementor-top-column elementor-element elementor-element-01b237a\" data-id=\"01b237a\" data-element_type=\"column\" data-e-type=\"column\">\n\t\t\t<div class=\"elementor-widget-wrap\">\n\t\t\t\t\t\t\t<\/div>\n\t\t<\/div>\n\t\t\t\t\t<\/div>\n\t\t<\/section>\n\t\t\t\t<section class=\"elementor-section elementor-top-section elementor-element elementor-element-f9cf0c0 elementor-section-boxed elementor-section-height-default elementor-section-height-default\" data-id=\"f9cf0c0\" data-element_type=\"section\" data-e-type=\"section\">\n\t\t\t\t\t\t<div class=\"elementor-container elementor-column-gap-default\">\n\t\t\t\t\t<div class=\"elementor-column elementor-col-66 elementor-top-column elementor-element elementor-element-1d16a1f\" data-id=\"1d16a1f\" data-element_type=\"column\" data-e-type=\"column\">\n\t\t\t<div class=\"elementor-widget-wrap elementor-element-populated\">\n\t\t\t\t\t\t<div class=\"elementor-element elementor-element-b6a66de elementor-widget elementor-widget-text-editor\" data-id=\"b6a66de\" data-element_type=\"widget\" data-e-type=\"widget\" data-widget_type=\"text-editor.default\">\n\t\t\t\t<div class=\"elementor-widget-container\">\n\t\t\t\t\t\t\t\t\t<p>Im offenen Atelier von ReMaterial werden im Rahmen einer Kunstausstellung plastische Wandobjekte von\u00a0<a class=\"oajrlxb2 g5ia77u1 qu0x051f esr5mh6w e9989ue4 r7d6kgcz rq0escxv nhd2j8a9 nc684nl6 p7hjln8o kvgmc6g5 cxmmr5t8 oygrvhab hcukyx3x jb3vyjys rz4wbd8a qt6c0cv9 a8nywdso i1ao9s8h esuyzwwr f1sip0of lzcic4wl notranslate _a6hd\" tabindex=\"0\" role=\"link\" href=\"https:\/\/www.studio-offbeat.com\/\">OFFBEAT<\/a>\u00a0gezeigt.<br \/>F\u00fcr die Kunstobjekte wurden Materialien verwendet, welche im Bauprozess \u00fcbrig geblieben sind und somit vor der Entsorgung gerettet wurden. Durch umformen, beschichten und zusammenf\u00fcgen wurde die Logik des kreislaufgerechten Bauens angewendet. Die Kunstobjekte vermitteln durch einen ressourcenschonenden Materialeinsatz eine Symbolik von einer klima- und sozialgerechten Bauweise.<br \/>Die Arbeiten des K\u00fcnstlers OFFBEAT stehen in direktem Zusammenhang zu Baukultur und nachhaltiger Architektur. Sie transportieren die Wirkung von Architektur auf uns Menschen und wie Menschen auf die Architektur einwirken.<br \/>Zugleich ermutigen die Arbeiten zu einem unkonventionellen aber verantwortungsvollen Umgang um wirklich zeitgem\u00e4\u00dfe Architektur mit einem positiven Einfluss f\u00fcr eine nachhaltige Welt zu schaffen.<\/p><p>OFFBEAT lebt und arbeitet in Hamburg. Die Grundlage seiner k\u00fcnstlerischen Arbeit liegt in einem Architekturstudium und T\u00e4tigkeiten in renommierten B\u00fcros. Im Fokus seiner Arbeit befinden sich Themen rund um Baukultur und nachhaltiger Architektur.<\/p>\t\t\t\t\t\t\t\t<\/div>\n\t\t\t\t<\/div>\n\t\t\t\t\t<\/div>\n\t\t<\/div>\n\t\t\t\t<div class=\"elementor-column elementor-col-33 elementor-top-column elementor-element elementor-element-f84fba3\" data-id=\"f84fba3\" data-element_type=\"column\" data-e-type=\"column\">\n\t\t\t<div class=\"elementor-widget-wrap elementor-element-populated\">\n\t\t\t\t\t\t<div class=\"elementor-element elementor-element-6be283a elementor-widget elementor-widget-image\" data-id=\"6be283a\" data-element_type=\"widget\" data-e-type=\"widget\" data-widget_type=\"image.default\">\n\t\t\t\t<div class=\"elementor-widget-container\">\n\t\t\t\t\t\t\t\t\t\t\t\t\t\t\t<img fetchpriority=\"high\" decoding=\"async\" width=\"768\" height=\"1024\" src=\"https:\/\/re-material.de\/wp-content\/uploads\/2022\/07\/image0-768x1024.png\" class=\"attachment-large size-large wp-image-679\" alt=\"\" srcset=\"https:\/\/re-material.de\/wp-content\/uploads\/2022\/07\/image0-768x1024.png 768w, https:\/\/re-material.de\/wp-content\/uploads\/2022\/07\/image0-225x300.png 225w, https:\/\/re-material.de\/wp-content\/uploads\/2022\/07\/image0-1152x1536.png 1152w, https:\/\/re-material.de\/wp-content\/uploads\/2022\/07\/image0-1536x2048.png 1536w\" sizes=\"(max-width: 768px) 100vw, 768px\" \/>\t\t\t\t\t\t\t\t\t\t\t\t\t\t\t<\/div>\n\t\t\t\t<\/div>\n\t\t\t\t\t<\/div>\n\t\t<\/div>\n\t\t\t\t\t<\/div>\n\t\t<\/section>\n\t\t\t\t<section class=\"elementor-section elementor-top-section elementor-element elementor-element-da32151 elementor-section-boxed elementor-section-height-default elementor-section-height-default\" data-id=\"da32151\" data-element_type=\"section\" data-e-type=\"section\">\n\t\t\t\t\t\t<div class=\"elementor-container elementor-column-gap-default\">\n\t\t\t\t\t<div class=\"elementor-column elementor-col-100 elementor-top-column elementor-element elementor-element-37837f8\" data-id=\"37837f8\" data-element_type=\"column\" data-e-type=\"column\">\n\t\t\t<div class=\"elementor-widget-wrap elementor-element-populated\">\n\t\t\t\t\t\t<div class=\"elementor-element elementor-element-8b0f623 elementor-widget elementor-widget-text-editor\" data-id=\"8b0f623\" data-element_type=\"widget\" data-e-type=\"widget\" data-widget_type=\"text-editor.default\">\n\t\t\t\t<div class=\"elementor-widget-container\">\n\t\t\t\t\t\t\t\t\t<h2>Die Vernissage beginnt am <span style=\"text-decoration: underline;\"><strong>22.07.2022 um 20 Uhr<\/strong><\/span>. Kommt vorbei und schaut euch bei einem Getr\u00e4nk die Werke an und lernt den K\u00fcnstler pers\u00f6nlich kennen.\u00a0<\/h2>\t\t\t\t\t\t\t\t<\/div>\n\t\t\t\t<\/div>\n\t\t\t\t\t<\/div>\n\t\t<\/div>\n\t\t\t\t\t<\/div>\n\t\t<\/section>\n\t\t\t\t<\/div>\n\t\t","protected":false},"excerpt":{"rendered":"<p>22.07.2022 &#8211; 20 Uhr Vernissage des K\u00fcnstlers OFFBEAT Im offenen Atelier von ReMaterial werden im Rahmen einer Kunstausstellung plastische Wandobjekte von\u00a0OFFBEAT\u00a0gezeigt.F\u00fcr die Kunstobjekte wurden Materialien verwendet, welche im Bauprozess \u00fcbrig [&hellip;]<\/p>\n","protected":false},"author":1,"featured_media":0,"comment_status":"open","ping_status":"open","sticky":false,"template":"","format":"standard","meta":{"footnotes":""},"categories":[5],"tags":[],"class_list":["post-677","post","type-post","status-publish","format-standard","hentry","category-neuigkeiten","entry"],"_links":{"self":[{"href":"https:\/\/re-material.de\/index.php?rest_route=\/wp\/v2\/posts\/677","targetHints":{"allow":["GET"]}}],"collection":[{"href":"https:\/\/re-material.de\/index.php?rest_route=\/wp\/v2\/posts"}],"about":[{"href":"https:\/\/re-material.de\/index.php?rest_route=\/wp\/v2\/types\/post"}],"author":[{"embeddable":true,"href":"https:\/\/re-material.de\/index.php?rest_route=\/wp\/v2\/users\/1"}],"replies":[{"embeddable":true,"href":"https:\/\/re-material.de\/index.php?rest_route=%2Fwp%2Fv2%2Fcomments&post=677"}],"version-history":[{"count":7,"href":"https:\/\/re-material.de\/index.php?rest_route=\/wp\/v2\/posts\/677\/revisions"}],"predecessor-version":[{"id":765,"href":"https:\/\/re-material.de\/index.php?rest_route=\/wp\/v2\/posts\/677\/revisions\/765"}],"wp:attachment":[{"href":"https:\/\/re-material.de\/index.php?rest_route=%2Fwp%2Fv2%2Fmedia&parent=677"}],"wp:term":[{"taxonomy":"category","embeddable":true,"href":"https:\/\/re-material.de\/index.php?rest_route=%2Fwp%2Fv2%2Fcategories&post=677"},{"taxonomy":"post_tag","embeddable":true,"href":"https:\/\/re-material.de\/index.php?rest_route=%2Fwp%2Fv2%2Ftags&post=677"}],"curies":[{"name":"wp","href":"https:\/\/api.w.org\/{rel}","templated":true}]}}